{"id":20712,"date":"2024-10-27T19:12:14","date_gmt":"2024-10-27T18:12:14","guid":{"rendered":"https:\/\/natur.bibibo.de\/?p=20712"},"modified":"2024-10-31T12:19:52","modified_gmt":"2024-10-31T11:19:52","slug":"wir-haben-keine-amseln","status":"publish","type":"post","link":"https:\/\/natur.bibibo.info\/?p=20712","title":{"rendered":"&#8222;Wir haben keine Amseln&#8220;"},"content":{"rendered":"\n<figure class=\"wp-block-image aligncenter size-full is-resized\"><img decoding=\"async\" src=\"https:\/\/natur.bibibo.info\/wp-content\/uploads\/2024\/10\/Amselpaar-1.gif\" alt=\"\" class=\"wp-image-20721\" style=\"width:564px;height:auto\"\/><\/figure>\n\n\n\n<p class=\"has-text-align-center\" style=\"font-size:12px\"><strong>Amselpaar im Februar 2019, Foto W. Senger<\/strong><\/p>\n\n\n\n<p>Mit diesem Satz habe ich im Internet gesucht und fand als erstes diesen Artikel von Agrarheute: <em><strong>2024 sterben in<\/strong> <strong>Deutschland auffallend viele Amseln.<\/strong> <strong>Der Grund ist das \u00fcber heimische Stechm\u00fccken \u00fcbertragene Usutu-Virus. <\/strong>Besonders Amseln sind betroffen, aber auch andere Singv\u00f6gel und Eulenv\u00f6gel k\u00f6nnen erkranken.<\/em><br>Seit dem 20. Oktober f\u00fcttern wir wieder V\u00f6gel. Der erste Gast war ein Eichelh\u00e4her. Am n\u00e4chsten Tag sahen wir einen Kernbei\u00dfer, 2 Tage sp\u00e4ter wieder. Das ist sehr fr\u00fch. Jetzt sind Kleiber und Buntspecht regelm\u00e4\u00dfig zu Besuch, und nat\u00fcrlich die Meisenschar. Die zeigt sich ausgesprochen lebendig. Sehr viele Kohlmeisen, Blaumeisen; und sogar die Sumpfmeisen sind wieder da, die im vergangenen Winter ziemlich rar waren. <br><strong>Aber wo bleiben die Amseln? Bisher haben wir keine einzige gesehen. <\/strong><\/p>\n\n\n\n<p><a href=\"https:\/\/www.agrarheute.com\/land-leben\/amselsterben-toedliches-usutu-virus-breitet-deutschland-626224\"><strong>https:\/\/www.agrarheute.com\/land-leben\/amselsterben-toedliches-usutu-virus-breitet-deutschland<\/strong><\/a><\/p>\n\n\n\n<p>Im obigen Link findet man auch einige Filme. V\u00f6gel, die vom Usutu-Virus befallen sind, zeigen&nbsp;<strong>deutliche Krankheitssymptome<\/strong>: Sie wirken apathisch, fliehen nicht und sterben oft innerhalb weniger Tage.&nbsp;<\/p>\n\n\n\n<p>Der NaBu bittet darum, tote V\u00f6gel zu melden. Von Mai bis November, also in der Zeit, in der Usutu-Infektionen auftreten k\u00f6nnen, schaltet der NABU <a href=\"https:\/\/www.nabu.de\/tiere-und-pflanzen\/voegel\/gefaehrdungen\/krankheiten\/usutu\/usutu-melden.html#formular\">ein Meldeformular<\/a>&nbsp;frei. Gebeten wird auch, den verendeten Vogel zu fotografieren.<br><a href=\"https:\/\/www.nabu.de\/tiere-und-pflanzen\/voegel\/gefaehrdungen\/krankheiten\/usutu\/usutu-melden.html\"><strong>https:\/\/www.nNabu.de\/tiere-und-pflanzen\/voegel\/gefaehrdungen\/krankheiten\/usutu\/usutu-melden.html<\/strong><\/a><\/p>\n\n\n\n<figure class=\"wp-block-image aligncenter size-full is-resized\"><img loading=\"lazy\" decoding=\"async\" width=\"992\" height=\"769\" src=\"https:\/\/natur.bibibo.info\/wp-content\/uploads\/2024\/10\/tote-Amsel-Usutu-Virus.gif\" alt=\"\" class=\"wp-image-20718\" style=\"width:488px;height:auto\"\/><\/figure>\n\n\n\n<h4 class=\"wp-block-heading\">Einsendung toter V\u00f6gel<\/h4>\n\n\n\n<p>Besonders wichtig ist der virologische Nachweis von Usutu-Viren in tot aufgefundenen Amseln und andern V\u00f6geln. Diese Untersuchungen nehmen das <strong>Bernhard-Nocht-Institut f\u00fcr Tropenmedizin in 20459 Hamburg<\/strong> (BNI) sowie manche Untersuchungs\u00e4mter vor. Das BNI sammelt bundesweit alle Untersuchungsergebnisse und wertet sie aus. Schicken Sie den Vogel gek\u00fchlt mit der Aufschrift <strong>&#8222;<code>Freigestellte veterin\u00e4rmedizinische Probe\u201c<\/code><\/strong>.  Weitere Einzelheiten im oben angegebenen Link des NaBu.<\/p>\n\n\n\n<p><strong>Und die Gefahr f\u00fcr Menschen? <\/strong>&#8222;Die \u00dcbertragung des Virus auf Menschen geschieht meist zuf\u00e4llig durch Stechm\u00fcckenstiche und kann das Usutu-Fieber ausl\u00f6sen.&nbsp;Typische Symptome sind Fieber, Kopfschmerzen und Hautausschl\u00e4ge.&nbsp;In seltenen F\u00e4llen kann es auch zu einer Gehirnentz\u00fcndung kommen&#8220; (Agrarheute).&nbsp;&#8222;<em>Seit einigen Jahren werden Blutproben teilweise routinem\u00e4\u00dfig neben anderen Infektionserregern auch auf Usutu-Viren untersucht. Dabei wurden bisher zwei Infektionen entdeckt, die bei den betroffenen Personen jedoch&nbsp;keine Erkrankungen&nbsp;ausl\u00f6sten. Da die Personen keine Reisen unternommen hatten, mussten sie sich in Deutschland angesteckt haben. Eine Infektion mit dem Usutu-Virus scheint also in Deutschland m\u00f6glich, ist aber noch kein Grund zu Sorge und wird von Blutspendezentren gemeinsam mit wissenschaftlichen Institutionen weiter beobachtet&#8220;.<\/em>  <strong>Ver\u00f6ffentlichung des Bernhard-Nocht-Institutes 8\/2024<\/strong><\/p>\n\n\n\n<p><\/p>\n","protected":false},"excerpt":{"rendered":"<p>Amselpaar im Februar 2019, Foto W. Senger Mit diesem Satz habe ich im Internet gesucht und fand als erstes diesen Artikel von Agrarheute: 2024 sterben in Deutschland auffallend viele Amseln. Der Grund ist das \u00fcber heimische Stechm\u00fccken \u00fcbertragene Usutu-Virus. Besonders Amseln sind betroffen, aber auch andere Singv\u00f6gel und Eulenv\u00f6gel k\u00f6nnen [&hellip;]<\/p>\n","protected":false},"author":2,"featured_media":0,"comment_status":"open","ping_status":"open","sticky":false,"template":"","format":"standard","meta":{"footnotes":""},"categories":[11,18,22,24,522],"tags":[],"class_list":["post-20712","post","type-post","status-publish","format-standard","hentry","category-einrichtung-fuer-psychisch-kranke-junge-menschen","category-ratgeber","category-tiere","category-voegel","category-naturschutz"],"_links":{"self":[{"href":"https:\/\/natur.bibibo.info\/index.php?rest_route=\/wp\/v2\/posts\/20712","targetHints":{"allow":["GET"]}}],"collection":[{"href":"https:\/\/natur.bibibo.info\/index.php?rest_route=\/wp\/v2\/posts"}],"about":[{"href":"https:\/\/natur.bibibo.info\/index.php?rest_route=\/wp\/v2\/types\/post"}],"author":[{"embeddable":true,"href":"https:\/\/natur.bibibo.info\/index.php?rest_route=\/wp\/v2\/users\/2"}],"replies":[{"embeddable":true,"href":"https:\/\/natur.bibibo.info\/index.php?rest_route=%2Fwp%2Fv2%2Fcomments&post=20712"}],"version-history":[{"count":7,"href":"https:\/\/natur.bibibo.info\/index.php?rest_route=\/wp\/v2\/posts\/20712\/revisions"}],"predecessor-version":[{"id":20742,"href":"https:\/\/natur.bibibo.info\/index.php?rest_route=\/wp\/v2\/posts\/20712\/revisions\/20742"}],"wp:attachment":[{"href":"https:\/\/natur.bibibo.info\/index.php?rest_route=%2Fwp%2Fv2%2Fmedia&parent=20712"}],"wp:term":[{"taxonomy":"category","embeddable":true,"href":"https:\/\/natur.bibibo.info\/index.php?rest_route=%2Fwp%2Fv2%2Fcategories&post=20712"},{"taxonomy":"post_tag","embeddable":true,"href":"https:\/\/natur.bibibo.info\/index.php?rest_route=%2Fwp%2Fv2%2Ftags&post=20712"}],"curies":[{"name":"wp","href":"https:\/\/api.w.org\/{rel}","templated":true}]}}